{"id":8052,"date":"2025-01-07T12:43:48","date_gmt":"2025-01-07T11:43:48","guid":{"rendered":"https:\/\/www.fitfiu-fitness.com\/blog-fitness\/?p=8052"},"modified":"2025-01-07T12:43:48","modified_gmt":"2025-01-07T11:43:48","slug":"mindfulness-y-fitness","status":"publish","type":"post","link":"https:\/\/www.fitfiu-fitness.com\/blog-fitness\/mindfulness-y-fitness\/","title":{"rendered":"Mindfulness y Fitness: La Combinaci\u00f3n Perfecta para el Bienestar Integral"},"content":{"rendered":"\n<p>En un mundo acelerado donde el estr\u00e9s y las prisas parecen dominar cada aspecto de nuestra vida, encontrar un equilibrio entre mente y cuerpo es esencial. Aqu\u00ed es donde el mindfulness y el fitness se convierten en aliados poderosos. Al combinarlos, puedes maximizar los beneficios de ambos, no solo para tu salud f\u00edsica, sino tambi\u00e9n para tu bienestar emocional y mental. \u00a1Descubre m\u00e1s sobre ello en este blog!<\/p>\n\n\n    <div id=\"cta34e55c1af95bfe71a9518b8d54766ee3\" class=\"cta\">\n        <div class=\"content\">\n            <p class=\"title\">\n                \u00a1Consigue tu objetivo fitness!            <\/p>\n            <p class=\"subtitle\">\n                Plantilla gratis para alcanzar tus metas            <\/p>\n            <a class=\"button\" href=\"https:\/\/mailchi.mp\/fitfiu-fitness.com\/plantilla-para-programar-tus-entrenos-y-dietas?utm_source=mindfulness-y-fitness&#038;utm_medium=cta\"><button>DESCARGAR<\/button><\/a>\n        <\/div>\n    <\/div>\n    <style type=\"text\/css\">\n        #cta34e55c1af95bfe71a9518b8d54766ee3{\n\t    background-image: url('https:\/\/www.fitfiu-fitness.com\/blog-fitness\/wp-content\/uploads\/2022\/06\/Ebook_Entrenos_dieta_D.jpg');\t\n    \t}\n        .cta {\n            height:295px;\n            background-size: contain;\n            background-repeat: no-repeat;\n            background-position: right;\n            margin: 15px 0 25px;\n        }\n        .cta .content {\n            width: 60%;\n            height: auto;\n            padding: 30px;\n            word-wrap: break-word;\n        }\n        .cta .content .title{\n           font-size: 35px;\n            font-weight: 700;\n            color: white;\n            margin-bottom: 0;\n            font-family: 'Bebas Neue', sans-serif;\n            line-height: 1;\n\n        }\n        .cta .content .subtitle{\n            font-size: 18px;\n            font-weight: 500;\n            color: white;\n            margin-bottom: 0;\n            font-family: 'Cairo', sans-serif;\n            line-height: 1.2;\n            margin-top: 20px;\n        }\n\n        .cta .content a{\n            background-color: transparent;\n            padding: 0;\n        }\n        .cta .content button{\n            margin-top:20px;\n            background-color: #E2221F;\n            width: auto;\n            border-radius: 8px;\n            font-size: 13px;\n            text-transform: uppercase;\n            padding: 7px 12px!important;\n        }\n\n        @media only screen and (max-width: 600px) {\n            #cta34e55c1af95bfe71a9518b8d54766ee3 {\n            \tbackground-image: url('https:\/\/www.fitfiu-fitness.com\/blog-fitness\/wp-content\/uploads\/2022\/06\/Ebook_Entrenos_dieta_M.jpg');\t\n    \t    }\n            .cta {\n                height: 500px;\n                background-size: cover;\n                background-repeat: no-repeat;\n            }\n            .cta .content {\n                width: 100%;\n                height: auto;\n            }\n            .cta .content button{\n                max-width: 437px;\n                margin-top: 20px;\n            }\n        }\n    <\/style>\n\n\n\n<h2 class=\"wp-block-heading\"><strong>\u00bfQu\u00e9 es el mindfulness y c\u00f3mo encaja con el fitness?<\/strong><\/h2>\n\n\n\n<p>El <strong>mindfulness<\/strong>, o atenci\u00f3n plena, es la<strong> pr\u00e1ctica de estar completamente presente en el momento<\/strong>, sin juicios ni distracciones. Se trata de <strong>tomar conciencia de tus pensamientos, emociones y sensaciones f\u00edsicas <\/strong>mientras ocurren.<\/p>\n\n\n\n<p>El <strong>fitness<\/strong>, por otro lado, implica <strong>cualquier actividad f\u00edsica dise\u00f1ada para mejorar tu salud y bienestar f\u00edsico<\/strong>, como correr, hacer yoga, levantar pesas o practicar deportes. Aunque estas disciplinas parecen diferentes,<strong> combinarlas puede transformar tu rutina de ejercicios<\/strong> en una experiencia m\u00e1s enriquecedora y efectiva.<\/p>\n\n\n\n<figure class=\"wp-block-image size-large\"><img loading=\"lazy\" decoding=\"async\" width=\"1024\" height=\"1024\" src=\"https:\/\/www.fitfiu-fitness.com\/blog-fitness\/wp-content\/uploads\/2024\/03\/kitwell_amb_02b_2-1024x1024.jpg\" alt=\"\" class=\"wp-image-7841\" srcset=\"https:\/\/www.fitfiu-fitness.com\/blog-fitness\/wp-content\/uploads\/2024\/03\/kitwell_amb_02b_2-1024x1024.jpg 1024w, https:\/\/www.fitfiu-fitness.com\/blog-fitness\/wp-content\/uploads\/2024\/03\/kitwell_amb_02b_2-300x300.jpg 300w, https:\/\/www.fitfiu-fitness.com\/blog-fitness\/wp-content\/uploads\/2024\/03\/kitwell_amb_02b_2-150x150.jpg 150w, https:\/\/www.fitfiu-fitness.com\/blog-fitness\/wp-content\/uploads\/2024\/03\/kitwell_amb_02b_2-768x768.jpg 768w, https:\/\/www.fitfiu-fitness.com\/blog-fitness\/wp-content\/uploads\/2024\/03\/kitwell_amb_02b_2-550x550.jpg 550w, https:\/\/www.fitfiu-fitness.com\/blog-fitness\/wp-content\/uploads\/2024\/03\/kitwell_amb_02b_2.jpg 1200w\" sizes=\"auto, (max-width: 1024px) 100vw, 1024px\" \/><\/figure>\n\n\n\n<h2 class=\"wp-block-heading\"><strong>Beneficios de combinar mindfulness y fitness<\/strong><\/h2>\n\n\n\n<h3 class=\"wp-block-heading\"><strong>Mayor conexi\u00f3n mente-cuerpo<\/strong><\/h3>\n\n\n\n<p>Practicar mindfulness durante el ejercicio te ayuda a <strong>concentrarte en los movimientos, a ser consciente de tu postura y a evitar lesiones<\/strong>. Esto es particularmente \u00fatil en actividades como yoga, pilates o entrenamiento funcional.<\/p>\n\n\n\n<figure class=\"wp-block-image size-full\"><img loading=\"lazy\" decoding=\"async\" width=\"700\" height=\"700\" src=\"https:\/\/www.fitfiu-fitness.com\/blog-fitness\/wp-content\/uploads\/2024\/03\/kit-6-accessoires-de-yoga-kitwell-601-rose-tapis.webp\" alt=\"\" class=\"wp-image-7837\" srcset=\"https:\/\/www.fitfiu-fitness.com\/blog-fitness\/wp-content\/uploads\/2024\/03\/kit-6-accessoires-de-yoga-kitwell-601-rose-tapis.webp 700w, https:\/\/www.fitfiu-fitness.com\/blog-fitness\/wp-content\/uploads\/2024\/03\/kit-6-accessoires-de-yoga-kitwell-601-rose-tapis-300x300.webp 300w, https:\/\/www.fitfiu-fitness.com\/blog-fitness\/wp-content\/uploads\/2024\/03\/kit-6-accessoires-de-yoga-kitwell-601-rose-tapis-150x150.webp 150w, https:\/\/www.fitfiu-fitness.com\/blog-fitness\/wp-content\/uploads\/2024\/03\/kit-6-accessoires-de-yoga-kitwell-601-rose-tapis-550x550.webp 550w\" sizes=\"auto, (max-width: 700px) 100vw, 700px\" \/><\/figure>\n\n\n\n<h3 class=\"wp-block-heading\"><strong>Mejora del rendimiento<\/strong><\/h3>\n\n\n\n<p>Al estar completamente presente, puedes <strong>ejecutar mejor los ejercicios y mantener una forma adecuada<\/strong>, lo que aumenta la efectividad de tu entrenamiento.<\/p>\n\n\n\n<h3 class=\"wp-block-heading\"><strong>Reducci\u00f3n del estr\u00e9s<\/strong><\/h3>\n\n\n\n<p>Incorporar mindfulness a tu rutina de fitness convierte el ejercicio en un espacio para<strong> liberar tensiones y conectar contigo<\/strong> mismo.<\/p>\n\n\n\n<figure class=\"wp-block-image size-full\"><img loading=\"lazy\" decoding=\"async\" width=\"996\" height=\"664\" src=\"https:\/\/www.fitfiu-fitness.com\/blog-fitness\/wp-content\/uploads\/2025\/01\/mujer-cuarentena-tiro-medio-trabajando-casa_23-2149410555.jpg\" alt=\"\" class=\"wp-image-8053\" srcset=\"https:\/\/www.fitfiu-fitness.com\/blog-fitness\/wp-content\/uploads\/2025\/01\/mujer-cuarentena-tiro-medio-trabajando-casa_23-2149410555.jpg 996w, https:\/\/www.fitfiu-fitness.com\/blog-fitness\/wp-content\/uploads\/2025\/01\/mujer-cuarentena-tiro-medio-trabajando-casa_23-2149410555-300x200.jpg 300w, https:\/\/www.fitfiu-fitness.com\/blog-fitness\/wp-content\/uploads\/2025\/01\/mujer-cuarentena-tiro-medio-trabajando-casa_23-2149410555-768x512.jpg 768w, https:\/\/www.fitfiu-fitness.com\/blog-fitness\/wp-content\/uploads\/2025\/01\/mujer-cuarentena-tiro-medio-trabajando-casa_23-2149410555-550x367.jpg 550w\" sizes=\"auto, (max-width: 996px) 100vw, 996px\" \/><\/figure>\n\n\n\n<h3 class=\"wp-block-heading\"><strong>Aumento de la motivaci\u00f3n<\/strong><\/h3>\n\n\n\n<p>Estar presente durante tus entrenamientos te permite <strong>disfrutar m\u00e1s de la experiencia<\/strong>, lo que puede hacer que te mantengas constante en tu rutina.<\/p>\n\n\n\n<h3 class=\"wp-block-heading\"><strong>Recuperaci\u00f3n m\u00e1s efectiva<\/strong><\/h3>\n\n\n\n<p>Practicar mindfulness ayuda a escuchar a tu cuerpo, permiti\u00e9ndote <strong>reconocer cu\u00e1ndo necesitas descansar o ajustar la intensidad<\/strong> de tu entrenamiento.<\/p>\n\n\n\n<h2 class=\"wp-block-heading\"><strong>C\u00f3mo integrar el mindfulness en tu rutina de fitness<\/strong><\/h2>\n\n\n\n<h3 class=\"wp-block-heading\"><strong>Comienza con una intenci\u00f3n<\/strong><\/h3>\n\n\n\n<p>Antes de empezar tu sesi\u00f3n de ejercicio, toma un momento para <strong>establecer una intenci\u00f3n<\/strong>. Esto puede ser algo tan simple como \u201cme ejercito para sentirme fuerte\u201d o \u201cquiero disfrutar de cada movimiento\u201d.<\/p>\n\n\n\n<figure class=\"wp-block-image size-full\"><img loading=\"lazy\" decoding=\"async\" width=\"996\" height=\"664\" src=\"https:\/\/www.fitfiu-fitness.com\/blog-fitness\/wp-content\/uploads\/2025\/01\/mujer-tiro-medio-pensando-portatil_23-2149410570.jpg\" alt=\"\" class=\"wp-image-8054\" srcset=\"https:\/\/www.fitfiu-fitness.com\/blog-fitness\/wp-content\/uploads\/2025\/01\/mujer-tiro-medio-pensando-portatil_23-2149410570.jpg 996w, https:\/\/www.fitfiu-fitness.com\/blog-fitness\/wp-content\/uploads\/2025\/01\/mujer-tiro-medio-pensando-portatil_23-2149410570-300x200.jpg 300w, https:\/\/www.fitfiu-fitness.com\/blog-fitness\/wp-content\/uploads\/2025\/01\/mujer-tiro-medio-pensando-portatil_23-2149410570-768x512.jpg 768w, https:\/\/www.fitfiu-fitness.com\/blog-fitness\/wp-content\/uploads\/2025\/01\/mujer-tiro-medio-pensando-portatil_23-2149410570-550x367.jpg 550w\" sizes=\"auto, (max-width: 996px) 100vw, 996px\" \/><\/figure>\n\n\n\n<h3 class=\"wp-block-heading\"><strong>Enf\u00f3cate en la respiraci\u00f3n<\/strong><\/h3>\n\n\n\n<p>La <strong>respiraci\u00f3n es clave<\/strong> en ambas pr\u00e1cticas. Durante el ejercicio, <strong>presta atenci\u00f3n a c\u00f3mo inhalas y exhalas<\/strong>, sincronizando tus movimientos con tu respiraci\u00f3n.<\/p>\n\n\n\n<h3 class=\"wp-block-heading\"><strong>Escucha a tu cuerpo<\/strong><\/h3>\n\n\n\n<p>En lugar de empujarte al l\u00edmite sin pensar, <strong>sintoniza con las se\u00f1ales de tu cuerpo<\/strong>. \u00bfTe sientes fuerte o necesitas moderar el ritmo? Este enfoque consciente <strong>te ayudar\u00e1 a evitar lesiones y mantener un progreso<\/strong> sostenible.<\/p>\n\n\n\n<h3 class=\"wp-block-heading\"><strong>Ejercicios de baja intensidad como puerta de entrada<\/strong><\/h3>\n\n\n\n<p><strong>Actividades como yoga, tai chi o caminatas conscientes son perfectas<\/strong> para integrar mindfulness y fitness. Estas pr\u00e1cticas fomentan la atenci\u00f3n plena mientras fortalecen tu cuerpo.<\/p>\n\n\n    <div id=\"ctae3bc9470ce98f3478c67a75cea66cc7e\" class=\"cta\">\n        <div class=\"content\">\n            <p class=\"title\">\n                \u00a1In\u00edciate en el mindfulness!            <\/p>\n            <p class=\"subtitle\">\n                Practica esta disciplina desde tu casa            <\/p>\n            <a class=\"button\" href=\"https:\/\/www.fitfiu-fitness.com\/es\/wellness\/?utm_source=mindfulness-y-fitness&#038;utm_medium=cta\"><button>COMPRAR<\/button><\/a>\n        <\/div>\n    <\/div>\n    <style type=\"text\/css\">\n        #ctae3bc9470ce98f3478c67a75cea66cc7e{\n\t    background-image: url('https:\/\/www.fitfiu-fitness.com\/blog-fitness\/wp-content\/uploads\/2022\/08\/Wellness_01_D.jpg');\t\n    \t}\n        .cta {\n            height:295px;\n            background-size: contain;\n            background-repeat: no-repeat;\n            background-position: right;\n            margin: 15px 0 25px;\n        }\n        .cta .content {\n            width: 60%;\n            height: auto;\n            padding: 30px;\n            word-wrap: break-word;\n        }\n        .cta .content .title{\n           font-size: 35px;\n            font-weight: 700;\n            color: white;\n            margin-bottom: 0;\n            font-family: 'Bebas Neue', sans-serif;\n            line-height: 1;\n\n        }\n        .cta .content .subtitle{\n            font-size: 18px;\n            font-weight: 500;\n            color: white;\n            margin-bottom: 0;\n            font-family: 'Cairo', sans-serif;\n            line-height: 1.2;\n            margin-top: 20px;\n        }\n\n        .cta .content a{\n            background-color: transparent;\n            padding: 0;\n        }\n        .cta .content button{\n            margin-top:20px;\n            background-color: #E2221F;\n            width: auto;\n            border-radius: 8px;\n            font-size: 13px;\n            text-transform: uppercase;\n            padding: 7px 12px!important;\n        }\n\n        @media only screen and (max-width: 600px) {\n            #ctae3bc9470ce98f3478c67a75cea66cc7e {\n            \tbackground-image: url('https:\/\/www.fitfiu-fitness.com\/blog-fitness\/wp-content\/uploads\/2022\/08\/Wellness_01_M.jpg');\t\n    \t    }\n            .cta {\n                height: 500px;\n                background-size: cover;\n                background-repeat: no-repeat;\n            }\n            .cta .content {\n                width: 100%;\n                height: auto;\n            }\n            .cta .content button{\n                max-width: 437px;\n                margin-top: 20px;\n            }\n        }\n    <\/style>\n\n\n\n<h3 class=\"wp-block-heading\"><strong>Cierra con gratitud<\/strong><\/h3>\n\n\n\n<p>Al finalizar tu sesi\u00f3n,<strong> dedica un minuto a reflexionar sobre c\u00f3mo se siente tu cuerpo y agradece el esfuerzo que hiciste<\/strong>. Este simple gesto fortalece la conexi\u00f3n mente-cuerpo y refuerza el h\u00e1bito positivo.<\/p>\n\n\n\n<h2 class=\"wp-block-heading\"><strong>Ejemplo de una sesi\u00f3n combinada de mindfulness y fitness<\/strong><\/h2>\n\n\n\n<ul class=\"wp-block-list\">\n<li><strong>Calentamiento consciente:<\/strong> Realiza <strong>estiramientos suaves<\/strong> mientras prestas atenci\u00f3n a tu respiraci\u00f3n y a las sensaciones de tus m\u00fasculos.<\/li>\n<\/ul>\n\n\n\n<ul class=\"wp-block-list\">\n<li><strong>Entrenamiento principal:<\/strong> Durante el ejercicio (ya sea correr, levantar pesas o practicar yoga), <strong>mant\u00e9n el enfoque en tus movimientos<\/strong> y en c\u00f3mo se siente tu cuerpo.<\/li>\n<\/ul>\n\n\n\n<ul class=\"wp-block-list\">\n<li><strong>Enfriamiento mindful:<\/strong> Dedica<strong> cinco minutos a una meditaci\u00f3n guiada o a estiramientos <\/strong>con atenci\u00f3n plena, respirando profundamente y relajando los m\u00fasculos.<\/li>\n<\/ul>\n\n\n\n<p>Combinar mindfulness y fitness no solo transforma tu cuerpo, sino tambi\u00e9n tu relaci\u00f3n con el ejercicio y contigo mismo. Esta pr\u00e1ctica te permite <strong>entrenar desde un lugar de respeto y cuidado hacia tu cuerpo<\/strong>, en lugar de impulsarte por presi\u00f3n externa o metas inalcanzables. Si a\u00fan no lo has probado,<strong> desde <a href=\"https:\/\/www.fitfiu-fitness.com\/es\/\">FITFIU Fitness<\/a> te animamos a empezar poco a poco y descubrir c\u00f3mo la atenci\u00f3n plena puede revolucionar tu manera de moverte y vivir.<\/strong><\/p>\n\n\n\n<p>\u00a1Tu mente y tu cuerpo te lo agradecer\u00e1n! \ud83d\ude0a<\/p>\n\n\n    <div id=\"cta2093cbbc2919789a2a4c7ea897c8181f\" class=\"cta\">\n        <div class=\"content\">\n            <p class=\"title\">\n                \u00a1Consigue tu objetivo fitness!            <\/p>\n            <p class=\"subtitle\">\n                Plantilla gratis para alcanzar tus metas            <\/p>\n            <a class=\"button\" href=\"https:\/\/mailchi.mp\/fitfiu-fitness.com\/plantilla-para-programar-tus-entrenos-y-dietas?utm_source=mindfulness-y-fitness&#038;utm_medium=cta\"><button>DESCARGAR<\/button><\/a>\n        <\/div>\n    <\/div>\n    <style type=\"text\/css\">\n        #cta2093cbbc2919789a2a4c7ea897c8181f{\n\t    background-image: url('https:\/\/www.fitfiu-fitness.com\/blog-fitness\/wp-content\/uploads\/2022\/06\/Ebook_Entrenos_dieta_D.jpg');\t\n    \t}\n        .cta {\n            height:295px;\n            background-size: contain;\n            background-repeat: no-repeat;\n            background-position: right;\n            margin: 15px 0 25px;\n        }\n        .cta .content {\n            width: 60%;\n            height: auto;\n            padding: 30px;\n            word-wrap: break-word;\n        }\n        .cta .content .title{\n           font-size: 35px;\n            font-weight: 700;\n            color: white;\n            margin-bottom: 0;\n            font-family: 'Bebas Neue', sans-serif;\n            line-height: 1;\n\n        }\n        .cta .content .subtitle{\n            font-size: 18px;\n            font-weight: 500;\n            color: white;\n            margin-bottom: 0;\n            font-family: 'Cairo', sans-serif;\n            line-height: 1.2;\n            margin-top: 20px;\n        }\n\n        .cta .content a{\n            background-color: transparent;\n            padding: 0;\n        }\n        .cta .content button{\n            margin-top:20px;\n            background-color: #E2221F;\n            width: auto;\n            border-radius: 8px;\n            font-size: 13px;\n            text-transform: uppercase;\n            padding: 7px 12px!important;\n        }\n\n        @media only screen and (max-width: 600px) {\n            #cta2093cbbc2919789a2a4c7ea897c8181f {\n            \tbackground-image: url('https:\/\/www.fitfiu-fitness.com\/blog-fitness\/wp-content\/uploads\/2022\/06\/Ebook_Entrenos_dieta_M.jpg');\t\n    \t    }\n            .cta {\n                height: 500px;\n                background-size: cover;\n                background-repeat: no-repeat;\n            }\n            .cta .content {\n                width: 100%;\n                height: auto;\n            }\n            .cta .content button{\n                max-width: 437px;\n                margin-top: 20px;\n            }\n        }\n    <\/style>\n","protected":false},"excerpt":{"rendered":"<p>En un mundo acelerado donde el estr\u00e9s y las prisas parecen dominar cada aspecto de nuestra vida, encontrar un equilibrio entre mente y cuerpo es esencial. Aqu\u00ed es donde el mindfulness y el fitness se convierten en aliados poderosos. Al combinarlos, puedes maximizar los beneficios de ambos, no solo para tu salud f\u00edsica, sino tambi\u00e9n para tu bienestar emocional y mental. \u00a1Descubre m\u00e1s sobre ello en este blog! \u00bfQu\u00e9 es&#8230;<\/p>\n","protected":false},"author":9,"featured_media":8055,"comment_status":"closed","ping_status":"open","sticky":false,"template":"","format":"standard","meta":{"footnotes":""},"categories":[396,369],"tags":[14,15],"class_list":["post-8052","post","type-post","status-publish","format-standard","has-post-thumbnail","hentry","category-cuidate","category-entrenamientos","tag-ejercicios","tag-entrenamiento"],"acf":[],"yoast_head":"<!-- This site is optimized with the Yoast SEO plugin v24.5 - https:\/\/yoast.com\/wordpress\/plugins\/seo\/ -->\n<title>Mindfulness y Fitness: el Bienestar Integral - FITFIU Fitness<\/title>\n<meta name=\"description\" content=\"Descubre c\u00f3mo combinar el mindfulness y el fitness para conseguir un bienestar f\u00edsico y emocional. \u00a1Te encantar\u00e1!\" \/>\n<meta name=\"robots\" content=\"index, follow, max-snippet:-1, max-image-preview:large, max-video-preview:-1\" \/>\n<link rel=\"canonical\" href=\"https:\/\/www.fitfiu-fitness.com\/blog-fitness\/mindfulness-y-fitness\/\" \/>\n<meta property=\"og:locale\" content=\"es_ES\" \/>\n<meta property=\"og:type\" content=\"article\" \/>\n<meta property=\"og:title\" content=\"Mindfulness y Fitness: el Bienestar Integral - FITFIU Fitness\" \/>\n<meta property=\"og:description\" content=\"Descubre c\u00f3mo combinar el mindfulness y el fitness para conseguir un bienestar f\u00edsico y emocional. \u00a1Te encantar\u00e1!\" \/>\n<meta property=\"og:url\" content=\"https:\/\/www.fitfiu-fitness.com\/blog-fitness\/mindfulness-y-fitness\/\" \/>\n<meta property=\"og:site_name\" content=\"Blog FITFIU Fitness\" \/>\n<meta property=\"article:published_time\" content=\"2025-01-07T11:43:48+00:00\" \/>\n<meta property=\"og:image\" content=\"https:\/\/www.fitfiu-fitness.com\/blog-fitness\/wp-content\/uploads\/2025\/01\/mujer-meditar-interior_23-2148835380.jpg\" \/>\n\t<meta property=\"og:image:width\" content=\"996\" \/>\n\t<meta property=\"og:image:height\" content=\"664\" \/>\n\t<meta property=\"og:image:type\" content=\"image\/jpeg\" \/>\n<meta name=\"author\" content=\"Alba Navarrete\" \/>\n<meta name=\"twitter:card\" content=\"summary_large_image\" \/>\n<meta name=\"twitter:label1\" content=\"Escrito por\" \/>\n\t<meta name=\"twitter:data1\" content=\"Alba Navarrete\" \/>\n\t<meta name=\"twitter:label2\" content=\"Tiempo de lectura\" \/>\n\t<meta name=\"twitter:data2\" content=\"4 minutos\" \/>\n<script type=\"application\/ld+json\" class=\"yoast-schema-graph\">{\"@context\":\"https:\/\/schema.org\",\"@graph\":[{\"@type\":\"WebPage\",\"@id\":\"https:\/\/www.fitfiu-fitness.com\/blog-fitness\/mindfulness-y-fitness\/\",\"url\":\"https:\/\/www.fitfiu-fitness.com\/blog-fitness\/mindfulness-y-fitness\/\",\"name\":\"Mindfulness y Fitness: el Bienestar Integral - FITFIU Fitness\",\"isPartOf\":{\"@id\":\"https:\/\/www.fitfiu-fitness.com\/blog-fitness\/#website\"},\"primaryImageOfPage\":{\"@id\":\"https:\/\/www.fitfiu-fitness.com\/blog-fitness\/mindfulness-y-fitness\/#primaryimage\"},\"image\":{\"@id\":\"https:\/\/www.fitfiu-fitness.com\/blog-fitness\/mindfulness-y-fitness\/#primaryimage\"},\"thumbnailUrl\":\"https:\/\/www.fitfiu-fitness.com\/blog-fitness\/wp-content\/uploads\/2025\/01\/mujer-meditar-interior_23-2148835380.jpg\",\"datePublished\":\"2025-01-07T11:43:48+00:00\",\"author\":{\"@id\":\"https:\/\/www.fitfiu-fitness.com\/blog-fitness\/#\/schema\/person\/f3d1ec08570fd5246ea08ecceb6cbc8d\"},\"description\":\"Descubre c\u00f3mo combinar el mindfulness y el fitness para conseguir un bienestar f\u00edsico y emocional. \u00a1Te encantar\u00e1!\",\"breadcrumb\":{\"@id\":\"https:\/\/www.fitfiu-fitness.com\/blog-fitness\/mindfulness-y-fitness\/#breadcrumb\"},\"inLanguage\":\"es\",\"potentialAction\":[{\"@type\":\"ReadAction\",\"target\":[\"https:\/\/www.fitfiu-fitness.com\/blog-fitness\/mindfulness-y-fitness\/\"]}]},{\"@type\":\"ImageObject\",\"inLanguage\":\"es\",\"@id\":\"https:\/\/www.fitfiu-fitness.com\/blog-fitness\/mindfulness-y-fitness\/#primaryimage\",\"url\":\"https:\/\/www.fitfiu-fitness.com\/blog-fitness\/wp-content\/uploads\/2025\/01\/mujer-meditar-interior_23-2148835380.jpg\",\"contentUrl\":\"https:\/\/www.fitfiu-fitness.com\/blog-fitness\/wp-content\/uploads\/2025\/01\/mujer-meditar-interior_23-2148835380.jpg\",\"width\":996,\"height\":664},{\"@type\":\"BreadcrumbList\",\"@id\":\"https:\/\/www.fitfiu-fitness.com\/blog-fitness\/mindfulness-y-fitness\/#breadcrumb\",\"itemListElement\":[{\"@type\":\"ListItem\",\"position\":1,\"name\":\"Home\",\"item\":\"https:\/\/www.fitfiu-fitness.com\/blog-fitness\/\"},{\"@type\":\"ListItem\",\"position\":2,\"name\":\"Cu\u00eddate\",\"item\":\"https:\/\/www.fitfiu-fitness.com\/blog-fitness\/category\/cuidate\/\"},{\"@type\":\"ListItem\",\"position\":3,\"name\":\"Mindfulness y Fitness: La Combinaci\u00f3n Perfecta para el Bienestar Integral\"}]},{\"@type\":\"WebSite\",\"@id\":\"https:\/\/www.fitfiu-fitness.com\/blog-fitness\/#website\",\"url\":\"https:\/\/www.fitfiu-fitness.com\/blog-fitness\/\",\"name\":\"Blog FITFIU Fitness\",\"description\":\"\",\"potentialAction\":[{\"@type\":\"SearchAction\",\"target\":{\"@type\":\"EntryPoint\",\"urlTemplate\":\"https:\/\/www.fitfiu-fitness.com\/blog-fitness\/?s={search_term_string}\"},\"query-input\":{\"@type\":\"PropertyValueSpecification\",\"valueRequired\":true,\"valueName\":\"search_term_string\"}}],\"inLanguage\":\"es\"},{\"@type\":\"Person\",\"@id\":\"https:\/\/www.fitfiu-fitness.com\/blog-fitness\/#\/schema\/person\/f3d1ec08570fd5246ea08ecceb6cbc8d\",\"name\":\"Alba Navarrete\"}]}<\/script>\n<!-- \/ Yoast SEO plugin. -->","yoast_head_json":{"title":"Mindfulness y Fitness: el Bienestar Integral - FITFIU Fitness","description":"Descubre c\u00f3mo combinar el mindfulness y el fitness para conseguir un bienestar f\u00edsico y emocional. \u00a1Te encantar\u00e1!","robots":{"index":"index","follow":"follow","max-snippet":"max-snippet:-1","max-image-preview":"max-image-preview:large","max-video-preview":"max-video-preview:-1"},"canonical":"https:\/\/www.fitfiu-fitness.com\/blog-fitness\/mindfulness-y-fitness\/","og_locale":"es_ES","og_type":"article","og_title":"Mindfulness y Fitness: el Bienestar Integral - FITFIU Fitness","og_description":"Descubre c\u00f3mo combinar el mindfulness y el fitness para conseguir un bienestar f\u00edsico y emocional. \u00a1Te encantar\u00e1!","og_url":"https:\/\/www.fitfiu-fitness.com\/blog-fitness\/mindfulness-y-fitness\/","og_site_name":"Blog FITFIU Fitness","article_published_time":"2025-01-07T11:43:48+00:00","og_image":[{"width":996,"height":664,"url":"https:\/\/www.fitfiu-fitness.com\/blog-fitness\/wp-content\/uploads\/2025\/01\/mujer-meditar-interior_23-2148835380.jpg","type":"image\/jpeg"}],"author":"Alba Navarrete","twitter_card":"summary_large_image","twitter_misc":{"Escrito por":"Alba Navarrete","Tiempo de lectura":"4 minutos"},"schema":{"@context":"https:\/\/schema.org","@graph":[{"@type":"WebPage","@id":"https:\/\/www.fitfiu-fitness.com\/blog-fitness\/mindfulness-y-fitness\/","url":"https:\/\/www.fitfiu-fitness.com\/blog-fitness\/mindfulness-y-fitness\/","name":"Mindfulness y Fitness: el Bienestar Integral - FITFIU Fitness","isPartOf":{"@id":"https:\/\/www.fitfiu-fitness.com\/blog-fitness\/#website"},"primaryImageOfPage":{"@id":"https:\/\/www.fitfiu-fitness.com\/blog-fitness\/mindfulness-y-fitness\/#primaryimage"},"image":{"@id":"https:\/\/www.fitfiu-fitness.com\/blog-fitness\/mindfulness-y-fitness\/#primaryimage"},"thumbnailUrl":"https:\/\/www.fitfiu-fitness.com\/blog-fitness\/wp-content\/uploads\/2025\/01\/mujer-meditar-interior_23-2148835380.jpg","datePublished":"2025-01-07T11:43:48+00:00","author":{"@id":"https:\/\/www.fitfiu-fitness.com\/blog-fitness\/#\/schema\/person\/f3d1ec08570fd5246ea08ecceb6cbc8d"},"description":"Descubre c\u00f3mo combinar el mindfulness y el fitness para conseguir un bienestar f\u00edsico y emocional. \u00a1Te encantar\u00e1!","breadcrumb":{"@id":"https:\/\/www.fitfiu-fitness.com\/blog-fitness\/mindfulness-y-fitness\/#breadcrumb"},"inLanguage":"es","potentialAction":[{"@type":"ReadAction","target":["https:\/\/www.fitfiu-fitness.com\/blog-fitness\/mindfulness-y-fitness\/"]}]},{"@type":"ImageObject","inLanguage":"es","@id":"https:\/\/www.fitfiu-fitness.com\/blog-fitness\/mindfulness-y-fitness\/#primaryimage","url":"https:\/\/www.fitfiu-fitness.com\/blog-fitness\/wp-content\/uploads\/2025\/01\/mujer-meditar-interior_23-2148835380.jpg","contentUrl":"https:\/\/www.fitfiu-fitness.com\/blog-fitness\/wp-content\/uploads\/2025\/01\/mujer-meditar-interior_23-2148835380.jpg","width":996,"height":664},{"@type":"BreadcrumbList","@id":"https:\/\/www.fitfiu-fitness.com\/blog-fitness\/mindfulness-y-fitness\/#breadcrumb","itemListElement":[{"@type":"ListItem","position":1,"name":"Home","item":"https:\/\/www.fitfiu-fitness.com\/blog-fitness\/"},{"@type":"ListItem","position":2,"name":"Cu\u00eddate","item":"https:\/\/www.fitfiu-fitness.com\/blog-fitness\/category\/cuidate\/"},{"@type":"ListItem","position":3,"name":"Mindfulness y Fitness: La Combinaci\u00f3n Perfecta para el Bienestar Integral"}]},{"@type":"WebSite","@id":"https:\/\/www.fitfiu-fitness.com\/blog-fitness\/#website","url":"https:\/\/www.fitfiu-fitness.com\/blog-fitness\/","name":"Blog FITFIU Fitness","description":"","potentialAction":[{"@type":"SearchAction","target":{"@type":"EntryPoint","urlTemplate":"https:\/\/www.fitfiu-fitness.com\/blog-fitness\/?s={search_term_string}"},"query-input":{"@type":"PropertyValueSpecification","valueRequired":true,"valueName":"search_term_string"}}],"inLanguage":"es"},{"@type":"Person","@id":"https:\/\/www.fitfiu-fitness.com\/blog-fitness\/#\/schema\/person\/f3d1ec08570fd5246ea08ecceb6cbc8d","name":"Alba Navarrete"}]}},"_links":{"self":[{"href":"https:\/\/www.fitfiu-fitness.com\/blog-fitness\/wp-json\/wp\/v2\/posts\/8052","targetHints":{"allow":["GET"]}}],"collection":[{"href":"https:\/\/www.fitfiu-fitness.com\/blog-fitness\/wp-json\/wp\/v2\/posts"}],"about":[{"href":"https:\/\/www.fitfiu-fitness.com\/blog-fitness\/wp-json\/wp\/v2\/types\/post"}],"author":[{"embeddable":true,"href":"https:\/\/www.fitfiu-fitness.com\/blog-fitness\/wp-json\/wp\/v2\/users\/9"}],"replies":[{"embeddable":true,"href":"https:\/\/www.fitfiu-fitness.com\/blog-fitness\/wp-json\/wp\/v2\/comments?post=8052"}],"version-history":[{"count":3,"href":"https:\/\/www.fitfiu-fitness.com\/blog-fitness\/wp-json\/wp\/v2\/posts\/8052\/revisions"}],"predecessor-version":[{"id":8058,"href":"https:\/\/www.fitfiu-fitness.com\/blog-fitness\/wp-json\/wp\/v2\/posts\/8052\/revisions\/8058"}],"wp:featuredmedia":[{"embeddable":true,"href":"https:\/\/www.fitfiu-fitness.com\/blog-fitness\/wp-json\/wp\/v2\/media\/8055"}],"wp:attachment":[{"href":"https:\/\/www.fitfiu-fitness.com\/blog-fitness\/wp-json\/wp\/v2\/media?parent=8052"}],"wp:term":[{"taxonomy":"category","embeddable":true,"href":"https:\/\/www.fitfiu-fitness.com\/blog-fitness\/wp-json\/wp\/v2\/categories?post=8052"},{"taxonomy":"post_tag","embeddable":true,"href":"https:\/\/www.fitfiu-fitness.com\/blog-fitness\/wp-json\/wp\/v2\/tags?post=8052"}],"curies":[{"name":"wp","href":"https:\/\/api.w.org\/{rel}","templated":true}]}}